{"id":8699,"date":"2020-12-22T08:25:05","date_gmt":"2020-12-22T08:25:05","guid":{"rendered":"http:\/\/localhost\/projects\/solar\/?p=8668"},"modified":"2026-04-08T08:35:47","modified_gmt":"2026-04-08T08:35:47","slug":"metal-roofing-the-best-for-solar-panels","status":"publish","type":"post","link":"https:\/\/cermaglianoalpi.it\/index.php\/2020\/12\/22\/metal-roofing-the-best-for-solar-panels\/","title":{"rendered":"Magliano Alpi, una nuova comunit\u00e0 energetica sotto l\u2019albero di Natale"},"content":{"rendered":"<h3><strong>Da QUALENERGIA.IT<\/strong><\/h3>\n<div class=\"firma\"><a title=\"Daniela Patrucco\" href=\"https:\/\/www.qualenergia.it\/firme\/daniela-patrucco\/\">Daniela Patrucco<\/a><\/div>\n<div>&nbsp;<\/div>\n<div class=\"firma\"><em>Gi\u00e0 operativa la C.E.R. Energy City Hall di Magliano Alpi, in provincia di Cuneo. Referente e promotore \u00e8 il Sindaco, Marco Bailo, che abbiamo intervistato.<\/em><\/div>\n<div>&nbsp;<\/div>\n<div>\n<p>Tutto \u00e8 cominciato il 28 aprile 2020, quando la Giunta Comunale di Magliano Alpi, in provincia di Cuneo, ha deliberato di aderire al \u201c<a href=\"http:\/\/www.energycenter.polito.it\/le_comunita_energetiche\" target=\"_blank\" rel=\"noopener\"><em>Manifesto delle Comunit\u00e0 Energetiche per una centralit\u00e0 attiva del Cittadino nel nuovo mercato dell\u2019energia<\/em><\/a>\u201d.<\/p>\n<p>Il Manifesto focalizza l\u2019attenzione sulla <strong>centralit\u00e0 del cittadino <em>prosumer<\/em><\/strong> e quello della Comunit\u00e0 come capacit\u00e0 di aggregazione a livello locale, per offrire servizi ai propri membri e portare benefici socio-economici alla comunit\u00e0 locale.<\/p>\n<p>Promosso dall\u2019Energy Center Lab del<strong> Politecnico di Torino, <\/strong>in collaborazione con i gruppi di ricerca di <strong>Politecnico di Milano<\/strong>, Universit\u00e0 di <strong>Bologna, Trento, Modena-Reggio Emilia<\/strong> e <strong>Udine<\/strong>, il manifesto impegna le universit\u00e0 nell\u2019attivazione di progetti di ricerca innovativi, finalizzati a costruire conoscenza e consapevolezza sulla transizione energetica.<\/p>\n<p>Il 4 dicembre scorso a Magliano Alpi \u00e8 stata costituita la prima CER. Si chiama <strong>Comunit\u00e0 Energetica Rinnovabile Energy City Hall, <\/strong>\u00e8 un\u2019<strong>associazione<\/strong> ed \u00e8 stata registrata alla Agenzia delle Entrate il 18 dicembre. In attesa dell\u2019elezione degli organi rappresentativi, il referente, \u00e8 il sindaco, Marco Bailo, che intende costituire altre comunit\u00e0 energetiche rinnovabili a stretto giro.<\/p>\n<p><strong><em>Impianti e organizzazione della C.E.R. Energy City Hall<\/em><\/strong><\/p>\n<p>In qualit\u00e0 di coordinatore e <em>prosumer <\/em>della CER, il Comune di Magliano Alpi ha messo a disposizione un <strong>impianto fotovoltaico<\/strong> da 20 kWp (nella foto in alto) che potr\u00e0 <strong>condividere con la CER l\u2019energia prodotta<\/strong> e non autoconsumata dal Municipio.<\/p>\n<p>L\u2019impianto \u00e8 installato sul tetto del Palazzo comunale e alimenta anche una colonnina di ricarica EV, utilizzabile gratuitamente con la tessera sanitaria. Una seconda colonnina \u00e8 collegata all\u2019impianto sportivo comunale che rientrer\u00e0 in una successiva comunit\u00e0.<\/p>\n<p>Oltre al Palazzo comunale, gli attuali membri di C.E.R. Energy City Hall sono le utenze della biblioteca, della palestra e delle scuole, insieme ai quattro nuclei familiari che per primi hanno dato la loro adesione (vedi <a href=\"https:\/\/cdn.qualenergia.it\/wp-content\/uploads\/2020\/12\/mappa-CER-MAGLIANO.jpg\" target=\"_blank\" rel=\"fancybox noopener\">mappa<\/a>).<\/p>\n<p>Sulla pagina dedicata del <a href=\"http:\/\/www.comune.maglianoalpi.cn.it\/\" target=\"_blank\" rel=\"noopener\">sito web del Comune<\/a>, oltre alla documentazione integrale della CER, \u00e8 disponibile il modulo per la manifestazione di interesse a partecipare a Energy City Hall oppure a costituirne di nuove sul territorio, sia come <em>prosumer, <\/em>mettendo a disposizione nuovi impianti fotovoltaici, che come <em>consumer<\/em>, consumando parte dell\u2019energia degli impianti comunitari.<\/p>\n<p>Come abbiamo gi\u00e0 scritto (<a href=\"https:\/\/www.qualenergia.it\/pro\/articoli\/comunita-energetiche-teoria-dei-giochi-e-dati-per-stimolare-partecipazione-cittadini\/\" target=\"_blank\" rel=\"noopener\">QualEnergia.it<\/a>), produttori, consumatori e prosumers hanno pari dignit\u00e0 e pari potere nelle Comunit\u00e0 Energetiche, contribuendo ciascuno alla massimizzazione dell\u2019energia condivisa, obiettivo primario delle CER.<\/p>\n<p><strong><em>Genesi, obiettivi e progetti futuri: intervista al Sindaco di Magliano Alpi<\/em><\/strong><\/p>\n<p>Abbiamo intervistato il sindaco di Magliano Alpi, Marco Bailo e dal suo racconto entusiasta emergono con chiarezza anche gli <a href=\"https:\/\/www.qualenergia.it\/pro\/articoli\/comunita-energetiche-difficolta-accesso-ai-dati-delle-cabine-secondarie\/\" target=\"_blank\" rel=\"noopener\">ostacoli tecnico-burocratici<\/a> che persistono nell\u2019avvio delle Comunit\u00e0 Energetiche Rinnovabili a causa del <em>digital divide,<\/em> quando non si hanno amici disponibili a dare una mano con i DSO o il <a href=\"https:\/\/www.qualenergia.it\/pro\/articoli\/le-comunita-energetiche-e-la-proprieta-dei-cittadini-delle-reti-locali\/\">controllo delle reti<\/a> di distribuzione locale, come invece accade a <a href=\"https:\/\/www.qualenergia.it\/pro\/articoli\/berchidda-4-0-ecco-quanto-puo-valere-una-comunita-energetica\/?fbclid=IwAR0gIui_NGTdyuORXv842T0ZcL9WQcgyVBSClG9xqZlSIFUjOLxvWMZPSII\" target=\"_blank\" rel=\"noopener\">Berchidda<\/a>.<\/p>\n<p><strong>Sindaco, com\u2019\u00e8 successo che vi siete trovati un impianto FV bell\u2019e pronto da destinare alla comunit\u00e0 energetica?<\/strong><\/p>\n<p><img decoding=\"async\" class=\" wp-image-289515 alignright\" src=\"https:\/\/cdn.qualenergia.it\/wp-content\/uploads\/2020\/12\/sindaco-marco-bailo-magliano-alpi-282x300.jpg\" sizes=\"(max-width: 180px) 100vw, 180px\" srcset=\"https:\/\/cdn.qualenergia.it\/wp-content\/uploads\/2020\/12\/sindaco-marco-bailo-magliano-alpi-282x300.jpg 282w, https:\/\/cdn.qualenergia.it\/wp-content\/uploads\/2020\/12\/sindaco-marco-bailo-magliano-alpi.jpg 352w\" alt=\"\" width=\"180\" height=\"192\">L\u2019impianto fotovoltaico \u00e8 stato installato nel mese di maggio 2020, subito dopo il primo lockdown, sulla falda sud del palazzo municipale. Pur potendo optare per lo scambio sul posto, abbiamo aspettato l\u2019evoluzione della normativa per partire subito con la CER. La politica energetica della nostra amministrazione era molto chiara gi\u00e0 nel programma elettorale con cui siamo stati rieletti nel 2019; il nostro obiettivo energetico consisteva nella riduzione dei consumi energetici degli edifici pubblici e la produzione di elettricit\u00e0 da solare da installarsi sui tetti di questi edifici.<\/p>\n<p><strong>Siete andati ben oltre l\u2019installazione degli impianti FV\u2026<\/strong><\/p>\n<p>Certo, e siamo determinati a non limitare questo progetto al piccolo comune di Magliano Alpi, che conta 2.230 abitanti, ma di esercitare un ruolo attivo come Pubblica Amministrazione nello sviluppo di modelli innovativi per il rilancio del territorio. La missione delle Pubbliche Amministrazioni \u00e8 quella di cogliere queste opportunit\u00e0, infondere fiducia ai cittadini per renderli protagonisti consapevoli della transizione energetica e partecipi dei vantaggi ambientali ed economici che le CER potranno portare. Dopo questa tremenda pandemia, vogliamo mettere a disposizione dei comuni limitrofi, e via via al resto del territorio, il <em>know-how<\/em> acquisito finora.<\/p>\n<p><strong>Un progetto ambizioso.<\/strong><\/p>\n<p>La CER deve diventare un catalizzatore di \u201cfiliere corte locali\u201d, ad alto valore aggiunto e a forte valenza conoscitiva e tecnologica. In effetti gi\u00e0 in questa prima comunit\u00e0 abbiamo coinvolto non solo privati cittadini, ma anche tecnici e artigiani locali appartenenti al mondo delle partite Iva, proprio per diffondere questo messaggio, facendo in modo di far appassionare una platea di persone profane, per ora, del mondo dell\u2019energia elettrica.<\/p>\n<p><strong>Chi sono i membri della C.E.R. Energy City hall?<\/strong><\/p>\n<p>Sono privati cittadini, un professionista tecnico, un artigiano locale, e ovviamente il Comune di Magliano Alpi in qualit\u00e0 di ente pubblico, tutti collegati alla medesima cabina di trasformazione. Abbiamo avuto una buona risposta dei cittadini maglianesi alla Manifestazione di Interesse pubblicata sul sito web del Comune anche se al momento rimane il vincolo della connessione alla medesima sottostazione. Diversi cittadini hanno gi\u00e0 manifestato il proposito di installare a loro volta nuovi impianti.<\/p>\n<p><strong>Avete organizzato degli incontri pubblici, anche virtuali?<\/strong><\/p>\n<p>Il lockdown non ha aiutato per niente, e neppure la tecnologia. Oltre a pubblicare la Manifestazione sul sito, sono andato personalmente di casa in casa per spiegare il progetto e raccogliere le adesioni. \u00c8 gi\u00e0 difficilissimo fare i Consigli Comunali online. A prescindere dalle competenze specifiche dei cittadini, infatti, abbiamo anche problemi di connessione. La fibra, che doveva arrivare a dicembre, \u00e8 di l\u00e0 da venire. \u00c8 nevicato e ci sono stati i blackout elettrici. Si parla tanto di digitalizzazione delle aree interne, ma \u00e8 un processo davvero troppo lento.<\/p>\n<p><strong>Come saranno ripartiti gli incentivi del GSE?<\/strong><\/p>\n<p>Abbiamo gi\u00e0 acquistato gli smart meters, in consegna nei prossimi giorni, ed eseguito con un nostro elettricista di fiducia i sopralluoghi presso tutti i POD della CER, per valutarne il posizionamento e l\u2019installazione. Entro fine anno tutti i misuratori saranno installati. In parallelo ai calcoli dell\u2019energia condivisa che fornir\u00e0 il GSE, stiamo tuttavia valutando l\u2019utilizzo di piattaforme di gestione e analisi dei flussi energetici di produzione e consumo. Ma nulla \u00e8 semplice, perch\u00e9 anche in questo caso avremo problemi nella trasmissione dati e dovremo usare delle SIM fin quando non arriver\u00e0 la fibra.<\/p>\n<p><strong>A proposito di difficolt\u00e0, come avete fatto a censire i POD e le corrispondenti cabine di trasformazione?<\/strong><\/p>\n<p>In paese abbiamo ben 13 cabine. Sono stato molto fortunato perch\u00e9 grazie ad un amico che lavora per e-distribuzione, con il quale c\u2019\u00e8 un rapporto di reciproca collaborazione e disponibilit\u00e0, ho potuto avere in poche ore le cabine corrispondenti ai POD che via via ho segnalato.<\/p>\n<p><strong>Progetti futuri? <\/strong><\/p>\n<p>Abbiamo in progetto un ulteriore impianto da 30 kWp per questa prima CER, che sar\u00e0 installato sulla palestra della scuola. Considerata la volont\u00e0 di altri cittadini di aderire, entro la prossima primavera vedranno la luce altre due CER, di cui stiamo gi\u00e0 pianificando le modalit\u00e0 operative e pianificando l\u2019installazione dei nuovi impianti.<\/p>\n<p><strong>Come pensate di gestire tutte queste comunit\u00e0 energetiche?<\/strong><\/p>\n<p>Il passo pi\u00f9 importante e forse leggermente pi\u00f9 complicato dal punto di vista fiscale e amministrativo, per una PA in particolare, sar\u00e0 la costituzione di una <em>Comunit\u00e0 Energetica del Territorio<\/em> \u201cCET\u201d. Pensiamo a un\u2019entit\u00e0 che operer\u00e0 in partnership con soggetti specializzati per gestire le CER che nasceranno nei prossimi mesi sia nel Comune di Magliano Alpi sia in altri Comuni. Certo, per la nostra piccola realt\u00e0 di provincia \u00e8 una grande scommessa, ma ci stiamo credendo dedicando molte energie perch\u00e9 questo progetto porti alla nostra comunit\u00e0 vantaggi economici e ambientali.<\/p>\n<\/div>\n\n\n<p><\/p>\n","protected":false},"excerpt":{"rendered":"<p>Duis mollis, est non commodo luctus, nisi erat porttitor ligula, eget lacinia odio sem nec elit. Morbi leo risus, porta ac consectetur ac, vestibu lum at eros. Nulla vitae elit libero, a pharetra augue.<\/p>\n","protected":false},"author":4,"featured_media":10058,"comment_status":"closed","ping_status":"closed","sticky":false,"template":"","format":"standard","meta":{"_acf_changed":false,"footnotes":""},"categories":[24],"tags":[5,26,25,7],"class_list":["post-8699","post","type-post","status-publish","format-standard","has-post-thumbnail","hentry","category-fotovoltaico","tag-cer","tag-comunita-dellenergia-rinnovabile","tag-comunita-energetica","tag-renewable-energy-communities"],"acf":[],"_links":{"self":[{"href":"https:\/\/cermaglianoalpi.it\/index.php\/wp-json\/wp\/v2\/posts\/8699","targetHints":{"allow":["GET"]}}],"collection":[{"href":"https:\/\/cermaglianoalpi.it\/index.php\/wp-json\/wp\/v2\/posts"}],"about":[{"href":"https:\/\/cermaglianoalpi.it\/index.php\/wp-json\/wp\/v2\/types\/post"}],"author":[{"embeddable":true,"href":"https:\/\/cermaglianoalpi.it\/index.php\/wp-json\/wp\/v2\/users\/4"}],"replies":[{"embeddable":true,"href":"https:\/\/cermaglianoalpi.it\/index.php\/wp-json\/wp\/v2\/comments?post=8699"}],"version-history":[{"count":7,"href":"https:\/\/cermaglianoalpi.it\/index.php\/wp-json\/wp\/v2\/posts\/8699\/revisions"}],"predecessor-version":[{"id":19227,"href":"https:\/\/cermaglianoalpi.it\/index.php\/wp-json\/wp\/v2\/posts\/8699\/revisions\/19227"}],"wp:featuredmedia":[{"embeddable":true,"href":"https:\/\/cermaglianoalpi.it\/index.php\/wp-json\/wp\/v2\/media\/10058"}],"wp:attachment":[{"href":"https:\/\/cermaglianoalpi.it\/index.php\/wp-json\/wp\/v2\/media?parent=8699"}],"wp:term":[{"taxonomy":"category","embeddable":true,"href":"https:\/\/cermaglianoalpi.it\/index.php\/wp-json\/wp\/v2\/categories?post=8699"},{"taxonomy":"post_tag","embeddable":true,"href":"https:\/\/cermaglianoalpi.it\/index.php\/wp-json\/wp\/v2\/tags?post=8699"}],"curies":[{"name":"wp","href":"https:\/\/api.w.org\/{rel}","templated":true}]}}