{"id":19369,"date":"2021-03-08T17:44:59","date_gmt":"2021-03-08T17:44:59","guid":{"rendered":"https:\/\/cermaglianoalpi.it\/?p=19369"},"modified":"2026-04-08T08:35:47","modified_gmt":"2026-04-08T08:35:47","slug":"energy-city-hall","status":"publish","type":"post","link":"https:\/\/cermaglianoalpi.it\/index.php\/2021\/03\/08\/energy-city-hall\/","title":{"rendered":"Energy City Hall"},"content":{"rendered":"\t\t<div data-elementor-type=\"wp-post\" data-elementor-id=\"19369\" class=\"elementor elementor-19369\" data-elementor-post-type=\"post\">\n\t\t\t\t\t\t<section class=\"elementor-section elementor-top-section elementor-element elementor-element-1e17a6bb cspt-col-stretched-none cspt-bg-color-over-image elementor-section-boxed elementor-section-height-default elementor-section-height-default\" data-id=\"1e17a6bb\" data-element_type=\"section\" data-e-type=\"section\">\n\t\t\t\t\t\t<div class=\"elementor-container elementor-column-gap-default\">\n\t\t\t\t\t<div class=\"elementor-column elementor-col-100 elementor-top-column elementor-element elementor-element-4db8ae9f cspt-bg-color-over-image\" data-id=\"4db8ae9f\" data-element_type=\"column\" data-e-type=\"column\">\n\t\t\t<div class=\"elementor-widget-wrap elementor-element-populated\">\n\t\t\t\t\t\t<div class=\"elementor-element elementor-element-5d9ad205 elementor-widget elementor-widget-text-editor\" data-id=\"5d9ad205\" data-element_type=\"widget\" data-e-type=\"widget\" data-widget_type=\"text-editor.default\">\n\t\t\t\t<div class=\"elementor-widget-container\">\n\t\t\t\t\t\t\t\t\t<p>SAVE THE DATE<\/p>\n<p>Taglio del nastro della prima Comunit\u00e0 Energetica d&#8217;Italia<\/p>\n<p><strong>12 marzo 2021<\/strong> ore 10:00<\/p>\n<p>Palazzo Municipale<br \/>Magliano ALPI (CN) &#8211; Via Langhe, 91<span style=\"color: var( --e-global-color-text ); font-family: var( --e-global-typography-text-font-family ), Sans-serif;\">\u00a0<\/span><\/p>\n<p>A causa delle restrizioni dovute all&#8217;emergenza COVID-19, l&#8217;evento si svolger\u00e0 in modalit\u00e0 webinar<\/p>\t\t\t\t\t\t\t\t<\/div>\n\t\t\t\t<\/div>\n\t\t\t\t\t<\/div>\n\t\t<\/div>\n\t\t\t\t\t<\/div>\n\t\t<\/section>\n\t\t\t\t<section class=\"elementor-section elementor-top-section elementor-element elementor-element-72edb76 cspt-col-stretched-none cspt-bg-color-over-image elementor-section-boxed elementor-section-height-default elementor-section-height-default\" data-id=\"72edb76\" data-element_type=\"section\" data-e-type=\"section\">\n\t\t\t\t\t\t\t<div class=\"elementor-background-overlay\"><\/div>\n\t\t\t\t\t\t\t<div class=\"elementor-container elementor-column-gap-default\">\n\t\t\t\t\t<div class=\"elementor-column elementor-col-100 elementor-top-column elementor-element elementor-element-2d529f0 cspt-bg-color-over-image\" data-id=\"2d529f0\" data-element_type=\"column\" data-e-type=\"column\">\n\t\t\t<div class=\"elementor-widget-wrap elementor-element-populated\">\n\t\t\t\t\t\t<div class=\"elementor-element elementor-element-43d69b0 elementor-widget elementor-widget-text-editor\" data-id=\"43d69b0\" data-element_type=\"widget\" data-e-type=\"widget\" data-widget_type=\"text-editor.default\">\n\t\t\t\t<div class=\"elementor-widget-container\">\n\t\t\t\t\t\t\t\t\t<p>IL WEBINAR SAR\u00c0 DISPONIBILE IL GIORNO 12 ALLE ORE 10 A QUESTO INDIRIZZO<\/p>\n<p>\u00a0<\/p>\n<p><a href=\"https:\/\/www.youtube.com\/watch?v=bVSkE5UcujU\" target=\"_blank\" rel=\"noopener\">https:\/\/www.youtube.com\/watch?v=bVSkE5UcujU<\/a><\/p>\t\t\t\t\t\t\t\t<\/div>\n\t\t\t\t<\/div>\n\t\t\t\t\t<\/div>\n\t\t<\/div>\n\t\t\t\t\t<\/div>\n\t\t<\/section>\n\t\t\t\t<section class=\"elementor-section elementor-top-section elementor-element elementor-element-c9ddea9 cspt-col-stretched-none cspt-bg-color-over-image elementor-section-boxed elementor-section-height-default elementor-section-height-default\" data-id=\"c9ddea9\" data-element_type=\"section\" data-e-type=\"section\">\n\t\t\t\t\t\t\t<div class=\"elementor-background-overlay\"><\/div>\n\t\t\t\t\t\t\t<div class=\"elementor-container elementor-column-gap-default\">\n\t\t\t\t\t<div class=\"elementor-column elementor-col-100 elementor-top-column elementor-element elementor-element-f5a72fa cspt-bg-color-over-image\" data-id=\"f5a72fa\" data-element_type=\"column\" data-e-type=\"column\">\n\t\t\t<div class=\"elementor-widget-wrap elementor-element-populated\">\n\t\t\t\t\t\t<div class=\"elementor-element elementor-element-5b85d53 elementor-widget elementor-widget-text-editor\" data-id=\"5b85d53\" data-element_type=\"widget\" data-e-type=\"widget\" data-widget_type=\"text-editor.default\">\n\t\t\t\t<div class=\"elementor-widget-container\">\n\t\t\t\t\t\t\t\t\t<p><a href=\"https:\/\/cermaglianoalpi.it\/wp-content\/uploads\/2021\/03\/locandina.pdf\" target=\"_blank\" rel=\"noopener\"><img decoding=\"async\" class=\"alignnone wp-image-19419\" src=\"https:\/\/cermaglianoalpi.it\/wp-content\/uploads\/2021\/03\/PDF.png\" alt=\"\" width=\"44\" height=\"54\" \/><\/a>SCARICA IL PDF CON IL PROGRAMMA DEL WEBINAR<\/p>\t\t\t\t\t\t\t\t<\/div>\n\t\t\t\t<\/div>\n\t\t\t\t\t<\/div>\n\t\t<\/div>\n\t\t\t\t\t<\/div>\n\t\t<\/section>\n\t\t\t\t<\/div>\n\t\t","protected":false},"excerpt":{"rendered":"<p>SAVE THE DATE Taglio del nastro della prima Comunit\u00e0 Energetica d&#8217;Italia 12 marzo 2021 ore 10:00 Palazzo MunicipaleMagliano ALPI (CN) &#8211; Via Langhe, 91\u00a0 A causa delle restrizioni dovute all&#8217;emergenza COVID-19, l&#8217;evento si svolger\u00e0 in modalit\u00e0 webinar IL WEBINAR SAR\u00c0 DISPONIBILE IL GIORNO 12 ALLE ORE 10 A QUESTO INDIRIZZO \u00a0 https:\/\/www.youtube.com\/watch?v=bVSkE5UcujU SCARICA IL PDF [&hellip;]<\/p>\n","protected":false},"author":4,"featured_media":19398,"comment_status":"closed","ping_status":"closed","sticky":false,"template":"","format":"standard","meta":{"_acf_changed":false,"footnotes":""},"categories":[2],"tags":[],"class_list":["post-19369","post","type-post","status-publish","format-standard","has-post-thumbnail","hentry","category-electricity"],"acf":[],"_links":{"self":[{"href":"https:\/\/cermaglianoalpi.it\/index.php\/wp-json\/wp\/v2\/posts\/19369","targetHints":{"allow":["GET"]}}],"collection":[{"href":"https:\/\/cermaglianoalpi.it\/index.php\/wp-json\/wp\/v2\/posts"}],"about":[{"href":"https:\/\/cermaglianoalpi.it\/index.php\/wp-json\/wp\/v2\/types\/post"}],"author":[{"embeddable":true,"href":"https:\/\/cermaglianoalpi.it\/index.php\/wp-json\/wp\/v2\/users\/4"}],"replies":[{"embeddable":true,"href":"https:\/\/cermaglianoalpi.it\/index.php\/wp-json\/wp\/v2\/comments?post=19369"}],"version-history":[{"count":24,"href":"https:\/\/cermaglianoalpi.it\/index.php\/wp-json\/wp\/v2\/posts\/19369\/revisions"}],"predecessor-version":[{"id":19429,"href":"https:\/\/cermaglianoalpi.it\/index.php\/wp-json\/wp\/v2\/posts\/19369\/revisions\/19429"}],"wp:featuredmedia":[{"embeddable":true,"href":"https:\/\/cermaglianoalpi.it\/index.php\/wp-json\/wp\/v2\/media\/19398"}],"wp:attachment":[{"href":"https:\/\/cermaglianoalpi.it\/index.php\/wp-json\/wp\/v2\/media?parent=19369"}],"wp:term":[{"taxonomy":"category","embeddable":true,"href":"https:\/\/cermaglianoalpi.it\/index.php\/wp-json\/wp\/v2\/categories?post=19369"},{"taxonomy":"post_tag","embeddable":true,"href":"https:\/\/cermaglianoalpi.it\/index.php\/wp-json\/wp\/v2\/tags?post=19369"}],"curies":[{"name":"wp","href":"https:\/\/api.w.org\/{rel}","templated":true}]}}